{"id":14458,"date":"2020-09-26T09:49:48","date_gmt":"2020-09-26T07:49:48","guid":{"rendered":"http:\/\/www.esrc.fi\/next\/?p=14458"},"modified":"2020-09-26T09:49:50","modified_gmt":"2020-09-26T07:49:50","slug":"tapio-tape-koivu-esrcn-kunniapuheenjohtajaksi","status":"publish","type":"post","link":"https:\/\/www.esrc.fi\/next\/?p=14458","title":{"rendered":"Tapio &#8221;Tape&#8221; Koivu ESRC:n kunniapuheenjohtajaksi"},"content":{"rendered":"\n<figure class=\"wp-block-image size-large\"><img loading=\"lazy\" width=\"500\" height=\"533\" src=\"http:\/\/www.esrc.fi\/next\/wp-content\/2020\/09\/ESRC_Tapio_Koivu_kunniapj_cropped_500px.jpeg\" alt=\"\" class=\"wp-image-14461\" srcset=\"https:\/\/www.esrc.fi\/next\/wp-content\/2020\/09\/ESRC_Tapio_Koivu_kunniapj_cropped_500px.jpeg 500w, https:\/\/www.esrc.fi\/next\/wp-content\/2020\/09\/ESRC_Tapio_Koivu_kunniapj_cropped_500px-281x300.jpeg 281w, https:\/\/www.esrc.fi\/next\/wp-content\/2020\/09\/ESRC_Tapio_Koivu_kunniapj_cropped_500px-94x100.jpeg 94w\" sizes=\"(max-width: 500px) 100vw, 500px\" \/><\/figure>\n\n\n\n<p>ESRC:n t\u00e4h\u00e4n menness\u00e4 42-vuotisen historian pitk\u00e4aikaisin puheenjohtaja, <strong>Tapio &#8221;Tape&#8221; Koivu<\/strong> p\u00e4\u00e4tettiin yksimielisesti kutsua seuran <strong>kunniapuheenjohtajaksi <\/strong>seuran vuosikokouksessa 14.9.2020. Tape on toiminut ESRC:n puheenjohtaja kolmeen eri otteeseen, kaikkiaan 17 vuoden ajan. H\u00e4n on heiluttanut seuran puheenjohtajan nuijaa vuosina 1990, 1993-1995, sek\u00e4 2007-2019. Seura halusi t\u00e4ll\u00e4 kunnianosoituksella kiitt\u00e4\u00e4 syd\u00e4mellisesti Tapea h\u00e4nen merkitt\u00e4v\u00e4st\u00e4 panoksestaan siihen, ett\u00e4 <em>ESRC:ss\u00e4 on jo pitk\u00e4\u00e4n pelattu ja pelataan jatkossakin Suomen suurinta squashia hyv\u00e4ss\u00e4 seurassa!<\/em><\/p>\n\n\n\n<!--more-->\n\n\n\n<figure class=\"wp-block-image size-large\"><img loading=\"lazy\" width=\"500\" height=\"372\" src=\"http:\/\/www.esrc.fi\/next\/wp-content\/2020\/09\/ESRC_Ilkka_Lisa_Tape_kunniapj_cropped_500px.jpeg\" alt=\"\" class=\"wp-image-14462\" srcset=\"https:\/\/www.esrc.fi\/next\/wp-content\/2020\/09\/ESRC_Ilkka_Lisa_Tape_kunniapj_cropped_500px.jpeg 500w, https:\/\/www.esrc.fi\/next\/wp-content\/2020\/09\/ESRC_Ilkka_Lisa_Tape_kunniapj_cropped_500px-300x223.jpeg 300w, https:\/\/www.esrc.fi\/next\/wp-content\/2020\/09\/ESRC_Ilkka_Lisa_Tape_kunniapj_cropped_500px-100x74.jpeg 100w\" sizes=\"(max-width: 500px) 100vw, 500px\" \/><figcaption><em>Ilkka, Lisa ja Tape uuden kunniapuheenjohtajan nuijansa kanssa<\/em><\/figcaption><\/figure>\n\n\n\n<p>Tapelle viestin kunniapuheenjohtajuudesta veiv\u00e4t ESRC:n nykyinen puheenjohtaja Ilkka Forsell sek\u00e4 hallituksen j\u00e4sen ja taloudenhoitaja Raila Luhtala Isoon Omenaan 25.9., kun olimme Tapen tytt\u00e4ren, Lisan avulla selvitt\u00e4neet, ett\u00e4 mist\u00e4 t\u00e4m\u00e4 nyky\u00e4\u00e4n Oulussa asuva ex-puheenjohtajamme perjantai-iltana l\u00f6ytyy. <\/p>\n\n\n\n<figure class=\"wp-block-image size-large\"><img loading=\"lazy\" width=\"500\" height=\"301\" src=\"http:\/\/www.esrc.fi\/next\/wp-content\/2020\/09\/ESRC_Ilkka_Tape_Raila_kunniapj_cropped_500px.jpeg\" alt=\"\" class=\"wp-image-14463\" srcset=\"https:\/\/www.esrc.fi\/next\/wp-content\/2020\/09\/ESRC_Ilkka_Tape_Raila_kunniapj_cropped_500px.jpeg 500w, https:\/\/www.esrc.fi\/next\/wp-content\/2020\/09\/ESRC_Ilkka_Tape_Raila_kunniapj_cropped_500px-300x181.jpeg 300w, https:\/\/www.esrc.fi\/next\/wp-content\/2020\/09\/ESRC_Ilkka_Tape_Raila_kunniapj_cropped_500px-100x60.jpeg 100w\" sizes=\"(max-width: 500px) 100vw, 500px\" \/><figcaption><em>Ilkka ja Raila onnittelevat Tapea<\/em><\/figcaption><\/figure>\n\n\n\n<p>Hymyst\u00e4 voi p\u00e4\u00e4tell\u00e4, ett\u00e4 Tape otti kunniapuheenjohtajuuden vastaan yll\u00e4ttyneen\u00e4, mutta suurella ilolla. Tape on ESRC:n toinen kunniapuheenjohtaja. ESRC:n kaikki kunniaj\u00e4senet l\u00f6yd\u00e4t <a href=\"http:\/\/www.esrc.fi\/next\/?page_id=584\">t\u00e4\u00e4lt\u00e4<\/a>.<\/p>\n","protected":false},"excerpt":{"rendered":"<p>ESRC:n t\u00e4h\u00e4n menness\u00e4 42-vuotisen historian pitk\u00e4aikaisin puheenjohtaja, Tapio &#8221;Tape&#8221; Koivu p\u00e4\u00e4tettiin yksimielisesti kutsua seuran kunniapuheenjohtajaksi seuran vuosikokouksessa 14.9.2020. Tape on toiminut ESRC:n puheenjohtaja kolmeen eri otteeseen, kaikkiaan 17 vuoden ajan. H\u00e4n on heiluttanut seuran puheenjohtajan nuijaa vuosina 1990, 1993-1995, sek\u00e4 2007-2019. Seura halusi t\u00e4ll\u00e4 kunnianosoituksella kiitt\u00e4\u00e4 syd\u00e4mellisesti Tapea h\u00e4nen merkitt\u00e4v\u00e4st\u00e4 panoksestaan siihen, ett\u00e4 ESRC:ss\u00e4 on [&hellip;]<\/p>\n","protected":false},"author":1,"featured_media":0,"comment_status":"open","ping_status":"closed","sticky":false,"template":"","format":"standard","meta":[],"categories":[13,5,11],"tags":[113,112,28],"_links":{"self":[{"href":"https:\/\/www.esrc.fi\/next\/index.php?rest_route=\/wp\/v2\/posts\/14458"}],"collection":[{"href":"https:\/\/www.esrc.fi\/next\/index.php?rest_route=\/wp\/v2\/posts"}],"about":[{"href":"https:\/\/www.esrc.fi\/next\/index.php?rest_route=\/wp\/v2\/types\/post"}],"author":[{"embeddable":true,"href":"https:\/\/www.esrc.fi\/next\/index.php?rest_route=\/wp\/v2\/users\/1"}],"replies":[{"embeddable":true,"href":"https:\/\/www.esrc.fi\/next\/index.php?rest_route=%2Fwp%2Fv2%2Fcomments&post=14458"}],"version-history":[{"count":2,"href":"https:\/\/www.esrc.fi\/next\/index.php?rest_route=\/wp\/v2\/posts\/14458\/revisions"}],"predecessor-version":[{"id":14465,"href":"https:\/\/www.esrc.fi\/next\/index.php?rest_route=\/wp\/v2\/posts\/14458\/revisions\/14465"}],"wp:attachment":[{"href":"https:\/\/www.esrc.fi\/next\/index.php?rest_route=%2Fwp%2Fv2%2Fmedia&parent=14458"}],"wp:term":[{"taxonomy":"category","embeddable":true,"href":"https:\/\/www.esrc.fi\/next\/index.php?rest_route=%2Fwp%2Fv2%2Fcategories&post=14458"},{"taxonomy":"post_tag","embeddable":true,"href":"https:\/\/www.esrc.fi\/next\/index.php?rest_route=%2Fwp%2Fv2%2Ftags&post=14458"}],"curies":[{"name":"wp","href":"https:\/\/api.w.org\/{rel}","templated":true}]}}